{"id":8656,"date":"2021-11-11T07:21:52","date_gmt":"2021-11-11T07:21:52","guid":{"rendered":""},"modified":"-0001-11-30T00:00:00","modified_gmt":"-0001-11-30T00:00:00","slug":"treballant-els-connectors-a-castella","status":"publish","type":"post","link":"https:\/\/www.iespfq.cat\/portal\/2021\/11\/treballant-els-connectors-a-castella\/","title":{"rendered":"Treballant els connectors a castell\u00e0"},"content":{"rendered":"<p>A l&#39;aula de castell\u00e0 hem estat treballant els connectors de la llengua, tot establint tamb\u00e9, connexions de grup i de textos, repartits en fragments de paper.<\/p>\n<p><\/p>\n<p>A l&#39;aula de castell\u00e0 hem estat treballant els connectors de la llengua, tot establint tamb\u00e9, connexions de grup i de textos, repartits en fragments de paper.<\/p>\n<p>Not\u00edcia enviada per: gvendre3<br \/> <div class=\"rl-gallery-container rl-loading\" id=\"rl-gallery-container-1\" data-gallery_id=\"8657\"> <div class=\"rl-gallery rl-basicmasonry-gallery \" id=\"rl-gallery-1\" data-gallery_no=\"1\"> <div class=\"rl-gutter-sizer\"><\/div><div class=\"rl-grid-sizer\"><\/div> <div class=\"rl-gallery-item rl-gallery-item-width-4\" > <div class=\"rl-gallery-item-content\"> <a href=\"https:\/\/www.iespfq.cat\/portal\/wp-content\/uploads\/historic\/pic_sid2278-0-norm.jpg\" title=\"\" data-rl_title=\"\" class=\"rl-gallery-link\" data-rl_caption=\"\" data-rel=\"lightbox-gallery-1\" data-magnific_type=\"gallery\"><img loading=\"lazy\" decoding=\"async\" src=\"https:\/\/www.iespfq.cat\/portal\/wp-content\/uploads\/historic\/pic_sid2278-0-norm-768x768.jpg\" width=\"640\" height=\"640\" alt=\"\"\/><\/a> <\/div> <\/div> <\/div> <\/div> <\/p>\n","protected":false},"excerpt":{"rendered":"<p>A l&#39;aula de castell\u00e0 hem estat treballant els connectors de la llengua, tot establint tamb\u00e9, connexions de grup i de&hellip;<\/p>\n","protected":false},"author":0,"featured_media":4551,"comment_status":"closed","ping_status":"open","sticky":false,"template":"","format":"standard","meta":{"footnotes":""},"categories":[30],"tags":[37],"class_list":["post-8656","post","type-post","status-publish","format-standard","has-post-thumbnail","hentry","category-activitats","tag-llen-i-lit-castellanes"],"_links":{"self":[{"href":"https:\/\/www.iespfq.cat\/portal\/wp-json\/wp\/v2\/posts\/8656","targetHints":{"allow":["GET"]}}],"collection":[{"href":"https:\/\/www.iespfq.cat\/portal\/wp-json\/wp\/v2\/posts"}],"about":[{"href":"https:\/\/www.iespfq.cat\/portal\/wp-json\/wp\/v2\/types\/post"}],"replies":[{"embeddable":true,"href":"https:\/\/www.iespfq.cat\/portal\/wp-json\/wp\/v2\/comments?post=8656"}],"version-history":[{"count":0,"href":"https:\/\/www.iespfq.cat\/portal\/wp-json\/wp\/v2\/posts\/8656\/revisions"}],"wp:featuredmedia":[{"embeddable":true,"href":"https:\/\/www.iespfq.cat\/portal\/wp-json\/wp\/v2\/media\/4551"}],"wp:attachment":[{"href":"https:\/\/www.iespfq.cat\/portal\/wp-json\/wp\/v2\/media?parent=8656"}],"wp:term":[{"taxonomy":"category","embeddable":true,"href":"https:\/\/www.iespfq.cat\/portal\/wp-json\/wp\/v2\/categories?post=8656"},{"taxonomy":"post_tag","embeddable":true,"href":"https:\/\/www.iespfq.cat\/portal\/wp-json\/wp\/v2\/tags?post=8656"}],"curies":[{"name":"wp","href":"https:\/\/api.w.org\/{rel}","templated":true}]}}